{"id":3398,"date":"2026-03-03T10:20:00","date_gmt":"2026-03-03T15:20:00","guid":{"rendered":"https:\/\/profaunasilvestre.com\/?p=3398"},"modified":"2026-03-13T22:28:34","modified_gmt":"2026-03-14T03:28:34","slug":"presentacion-editorial-catalogo-de-papas-mashuas-y-otros-tuberculos-nativos-de-tircos","status":"publish","type":"post","link":"https:\/\/profaunasilvestre.com\/en\/presentacion-editorial-catalogo-de-papas-mashuas-y-otros-tuberculos-nativos-de-tircos\/","title":{"rendered":"Presentaci\u00f3n Editorial: Cat\u00e1logo de Papas, Mashuas y otros Tub\u00e9rculos Nativos de Tircos"},"content":{"rendered":"<p data-block-type=\"core\">En el marco de las celebraciones por el <strong>D\u00eda Mundial de la Vida Silvestre<\/strong>, la Asociaci\u00f3n Pro Fauna Silvestre &#8211; Ayacucho present\u00f3 oficialmente el cat\u00e1logo: <em>\u00abPapas, mashuas y otros tub\u00e9rculos nativos de Tircos, Huanta\u00bb<\/em>. El evento, realizado en el Centro Cultural de la UNSCH, marc\u00f3 un hito en la documentaci\u00f3n de la agrobiodiversidad andina.<\/p>\n\n\n\n<div class=\"wp-block-stackable-image stk-block-image stk-block stk-ab1ea07\" data-block-id=\"ab1ea07\"><style>.stk-ab1ea07 .stk-img-wrapper{height:400px !important;}<\/style><figure><span class=\"stk-img-wrapper stk-image--shape-stretch\"><img loading=\"lazy\" decoding=\"async\" class=\"stk-img wp-image-3400\" src=\"http:\/\/profaunasilvestre.com\/wp-content\/uploads\/2026\/03\/645434568_1505661828232824_9033922449137046946_n.jpg\" width=\"2048\" height=\"1365\" srcset=\"https:\/\/profaunasilvestre.com\/wp-content\/uploads\/2026\/03\/645434568_1505661828232824_9033922449137046946_n.jpg 2048w, https:\/\/profaunasilvestre.com\/wp-content\/uploads\/2026\/03\/645434568_1505661828232824_9033922449137046946_n-300x200.jpg 300w, https:\/\/profaunasilvestre.com\/wp-content\/uploads\/2026\/03\/645434568_1505661828232824_9033922449137046946_n-1024x683.jpg 1024w, https:\/\/profaunasilvestre.com\/wp-content\/uploads\/2026\/03\/645434568_1505661828232824_9033922449137046946_n-768x512.jpg 768w, https:\/\/profaunasilvestre.com\/wp-content\/uploads\/2026\/03\/645434568_1505661828232824_9033922449137046946_n-1536x1024.jpg 1536w, https:\/\/profaunasilvestre.com\/wp-content\/uploads\/2026\/03\/645434568_1505661828232824_9033922449137046946_n-18x12.jpg 18w, https:\/\/profaunasilvestre.com\/wp-content\/uploads\/2026\/03\/645434568_1505661828232824_9033922449137046946_n-600x400.jpg 600w\" sizes=\"auto, (max-width: 2048px) 100vw, 2048px\" \/><\/span><\/figure><\/div>\n\n\n\n<h3 class=\"wp-block-heading\" data-block-type=\"core\">Un puente entre la agricultura y la fauna<\/h3>\n\n\n\n<p data-block-type=\"core\">Este cat\u00e1logo no es solo un registro bot\u00e1nico; es un testimonio de la armon\u00eda entre la agricultura tradicional y la biodiversidad. Durante la presentaci\u00f3n, destacamos un punto clave de nuestra investigaci\u00f3n: <strong>el rol vital de los anfibios y reptiles como controladores biol\u00f3gicos naturales.<\/strong> Sin la presencia de estas especies en los campos de cultivo, la sostenibilidad de las papas y mashuas nativas se ver\u00eda comprometida. Proteger a la rana y al lagarto es, en esencia, proteger la seguridad alimentaria de nuestras comunidades.<\/p>\n\n\n\n<div class=\"wp-block-stackable-image stk-block-image stk-block stk-fc5efc2\" data-block-id=\"fc5efc2\"><style>.stk-fc5efc2 .stk-img-wrapper{height:400px !important;}<\/style><figure><span class=\"stk-img-wrapper stk-image--shape-stretch\"><img loading=\"lazy\" decoding=\"async\" class=\"stk-img wp-image-3399\" src=\"http:\/\/profaunasilvestre.com\/wp-content\/uploads\/2026\/03\/WhatsApp-Image-2026-03-03-at-12.06.54-PM.jpeg\" width=\"1600\" height=\"900\" srcset=\"https:\/\/profaunasilvestre.com\/wp-content\/uploads\/2026\/03\/WhatsApp-Image-2026-03-03-at-12.06.54-PM.jpeg 1600w, https:\/\/profaunasilvestre.com\/wp-content\/uploads\/2026\/03\/WhatsApp-Image-2026-03-03-at-12.06.54-PM-300x169.jpeg 300w, https:\/\/profaunasilvestre.com\/wp-content\/uploads\/2026\/03\/WhatsApp-Image-2026-03-03-at-12.06.54-PM-1024x576.jpeg 1024w, https:\/\/profaunasilvestre.com\/wp-content\/uploads\/2026\/03\/WhatsApp-Image-2026-03-03-at-12.06.54-PM-768x432.jpeg 768w, https:\/\/profaunasilvestre.com\/wp-content\/uploads\/2026\/03\/WhatsApp-Image-2026-03-03-at-12.06.54-PM-1536x864.jpeg 1536w, https:\/\/profaunasilvestre.com\/wp-content\/uploads\/2026\/03\/WhatsApp-Image-2026-03-03-at-12.06.54-PM-18x10.jpeg 18w, https:\/\/profaunasilvestre.com\/wp-content\/uploads\/2026\/03\/WhatsApp-Image-2026-03-03-at-12.06.54-PM-600x338.jpeg 600w\" sizes=\"auto, (max-width: 1600px) 100vw, 1600px\" \/><\/span><\/figure><\/div>\n\n\n\n<div class=\"wp-block-stackable-image stk-block-image stk-block stk-48b0da0\" data-block-id=\"48b0da0\"><style>.stk-48b0da0 .stk-img-wrapper{height:400px !important;}<\/style><figure><span class=\"stk-img-wrapper stk-image--shape-stretch\"><img loading=\"lazy\" decoding=\"async\" class=\"stk-img wp-image-3412\" src=\"http:\/\/profaunasilvestre.com\/wp-content\/uploads\/2026\/03\/646690572_1379151900907281_5864464416284704682_n.jpg\" width=\"1287\" height=\"944\" srcset=\"https:\/\/profaunasilvestre.com\/wp-content\/uploads\/2026\/03\/646690572_1379151900907281_5864464416284704682_n.jpg 1287w, https:\/\/profaunasilvestre.com\/wp-content\/uploads\/2026\/03\/646690572_1379151900907281_5864464416284704682_n-300x220.jpg 300w, https:\/\/profaunasilvestre.com\/wp-content\/uploads\/2026\/03\/646690572_1379151900907281_5864464416284704682_n-1024x751.jpg 1024w, https:\/\/profaunasilvestre.com\/wp-content\/uploads\/2026\/03\/646690572_1379151900907281_5864464416284704682_n-768x563.jpg 768w, https:\/\/profaunasilvestre.com\/wp-content\/uploads\/2026\/03\/646690572_1379151900907281_5864464416284704682_n-16x12.jpg 16w, https:\/\/profaunasilvestre.com\/wp-content\/uploads\/2026\/03\/646690572_1379151900907281_5864464416284704682_n-600x440.jpg 600w\" sizes=\"auto, (max-width: 1287px) 100vw, 1287px\" \/><\/span><\/figure><\/div>\n\n\n\n<h3 class=\"wp-block-heading\" data-block-type=\"core\">Alianzas por el patrimonio natural<\/h3>\n\n\n\n<p data-block-type=\"core\">El \u00e9xito de este lanzamiento fue posible gracias al trabajo articulado con diversos aliados estrat\u00e9gicos. Queremos expresar nuestro profundo agradecimiento a:<\/p>\n\n\n\n<ul class=\"wp-block-list\" data-block-type=\"core\">\n<li data-block-type=\"core\"><strong>Los productores de Tircos:<\/strong> Protagonistas y guardianes de este conocimiento ancestral.<\/li>\n\n\n\n<li data-block-type=\"core\"><strong>Comentaristas e invitados:<\/strong> Quienes aportaron su visi\u00f3n t\u00e9cnica y acad\u00e9mica al proyecto.<\/li>\n\n\n\n<li data-block-type=\"core\"><strong>Instituciones y Voluntarios:<\/strong> Cuyo esfuerzo permiti\u00f3 que la feria y la ceremonia protocolar fueran un \u00e9xito rotundo.<\/li>\n<\/ul>\n\n\n\n<div class=\"wp-block-stackable-image stk-block-image stk-block stk-60791c3\" data-block-id=\"60791c3\"><style>.stk-60791c3 .stk-img-wrapper{height:400px !important;}<\/style><figure><span class=\"stk-img-wrapper stk-image--shape-stretch\"><img loading=\"lazy\" decoding=\"async\" class=\"stk-img wp-image-3408\" src=\"http:\/\/profaunasilvestre.com\/wp-content\/uploads\/2026\/03\/WhatsApp-Image-2026-03-03-at-3.49.23-PM-3.jpeg\" width=\"1600\" height=\"1066\" srcset=\"https:\/\/profaunasilvestre.com\/wp-content\/uploads\/2026\/03\/WhatsApp-Image-2026-03-03-at-3.49.23-PM-3.jpeg 1600w, https:\/\/profaunasilvestre.com\/wp-content\/uploads\/2026\/03\/WhatsApp-Image-2026-03-03-at-3.49.23-PM-3-300x200.jpeg 300w, https:\/\/profaunasilvestre.com\/wp-content\/uploads\/2026\/03\/WhatsApp-Image-2026-03-03-at-3.49.23-PM-3-1024x682.jpeg 1024w, https:\/\/profaunasilvestre.com\/wp-content\/uploads\/2026\/03\/WhatsApp-Image-2026-03-03-at-3.49.23-PM-3-768x512.jpeg 768w, https:\/\/profaunasilvestre.com\/wp-content\/uploads\/2026\/03\/WhatsApp-Image-2026-03-03-at-3.49.23-PM-3-1536x1023.jpeg 1536w, https:\/\/profaunasilvestre.com\/wp-content\/uploads\/2026\/03\/WhatsApp-Image-2026-03-03-at-3.49.23-PM-3-18x12.jpeg 18w, https:\/\/profaunasilvestre.com\/wp-content\/uploads\/2026\/03\/WhatsApp-Image-2026-03-03-at-3.49.23-PM-3-600x400.jpeg 600w\" sizes=\"auto, (max-width: 1600px) 100vw, 1600px\" \/><\/span><\/figure><\/div>\n\n\n\n<h3 class=\"wp-block-heading\" data-block-type=\"core\">El Cat\u00e1logo: Una herramienta para el futuro<\/h3>\n\n\n\n<p data-block-type=\"core\">Este documento servir\u00e1 como base para futuros proyectos de conservaci\u00f3n y para fortalecer la identidad cultural de la provincia de Huanta. Desde <strong>Pro Fauna Silvestre<\/strong>, reafirmamos nuestro compromiso de seguir documentando y protegiendo el patrimonio natural de Ayacucho.<\/p>\n\n\n\n<blockquote class=\"wp-block-quote is-layout-flow wp-block-quote-is-layout-flow\" data-block-type=\"core\">\n<p data-block-type=\"core\"><em>\u00abLa vida silvestre y la agricultura andina caminan de la mano. \u00a1Gracias por ser parte de este logro hist\u00f3rico!\u00bb<\/em><\/p>\n<\/blockquote>\n\n\n\n<div class=\"wp-block-stackable-image stk-block-image stk-block stk-d88b25d\" data-block-id=\"d88b25d\"><style>.stk-d88b25d .stk-img-wrapper{height:400px !important;}<\/style><figure><span class=\"stk-img-wrapper stk-image--shape-stretch\"><img loading=\"lazy\" decoding=\"async\" class=\"stk-img wp-image-3403\" src=\"http:\/\/profaunasilvestre.com\/wp-content\/uploads\/2026\/03\/WhatsApp-Image-2026-03-03-at-2.52.49-PM.jpeg\" width=\"1600\" height=\"1200\" srcset=\"https:\/\/profaunasilvestre.com\/wp-content\/uploads\/2026\/03\/WhatsApp-Image-2026-03-03-at-2.52.49-PM.jpeg 1600w, https:\/\/profaunasilvestre.com\/wp-content\/uploads\/2026\/03\/WhatsApp-Image-2026-03-03-at-2.52.49-PM-300x225.jpeg 300w, https:\/\/profaunasilvestre.com\/wp-content\/uploads\/2026\/03\/WhatsApp-Image-2026-03-03-at-2.52.49-PM-1024x768.jpeg 1024w, https:\/\/profaunasilvestre.com\/wp-content\/uploads\/2026\/03\/WhatsApp-Image-2026-03-03-at-2.52.49-PM-768x576.jpeg 768w, https:\/\/profaunasilvestre.com\/wp-content\/uploads\/2026\/03\/WhatsApp-Image-2026-03-03-at-2.52.49-PM-1536x1152.jpeg 1536w, https:\/\/profaunasilvestre.com\/wp-content\/uploads\/2026\/03\/WhatsApp-Image-2026-03-03-at-2.52.49-PM-16x12.jpeg 16w, https:\/\/profaunasilvestre.com\/wp-content\/uploads\/2026\/03\/WhatsApp-Image-2026-03-03-at-2.52.49-PM-600x450.jpeg 600w\" sizes=\"auto, (max-width: 1600px) 100vw, 1600px\" \/><\/span><\/figure><\/div>","protected":false},"excerpt":{"rendered":"<p>En el marco de las celebraciones por el D\u00eda Mundial de la Vida Silvestre, la Asociaci\u00f3n Pro Fauna Silvestre &#8211; Ayacucho present\u00f3 oficialmente el cat\u00e1logo: \u00abPapas, mashuas y otros tub\u00e9rculos nativos de Tircos, Huanta\u00bb. El evento, realizado en el Centro Cultural de la UNSCH, marc\u00f3 un hito en la documentaci\u00f3n de la agrobiodiversidad andina. Un [&hellip;]<\/p>\n","protected":false},"author":1,"featured_media":3399,"comment_status":"open","ping_status":"open","sticky":false,"template":"","format":"standard","meta":{"footnotes":""},"categories":[24],"tags":[],"class_list":["post-3398","post","type-post","status-publish","format-standard","has-post-thumbnail","hentry","category-noticias"],"blocksy_meta":[],"_links":{"self":[{"href":"https:\/\/profaunasilvestre.com\/en\/wp-json\/wp\/v2\/posts\/3398","targetHints":{"allow":["GET"]}}],"collection":[{"href":"https:\/\/profaunasilvestre.com\/en\/wp-json\/wp\/v2\/posts"}],"about":[{"href":"https:\/\/profaunasilvestre.com\/en\/wp-json\/wp\/v2\/types\/post"}],"author":[{"embeddable":true,"href":"https:\/\/profaunasilvestre.com\/en\/wp-json\/wp\/v2\/users\/1"}],"replies":[{"embeddable":true,"href":"https:\/\/profaunasilvestre.com\/en\/wp-json\/wp\/v2\/comments?post=3398"}],"version-history":[{"count":1,"href":"https:\/\/profaunasilvestre.com\/en\/wp-json\/wp\/v2\/posts\/3398\/revisions"}],"predecessor-version":[{"id":3413,"href":"https:\/\/profaunasilvestre.com\/en\/wp-json\/wp\/v2\/posts\/3398\/revisions\/3413"}],"wp:featuredmedia":[{"embeddable":true,"href":"https:\/\/profaunasilvestre.com\/en\/wp-json\/wp\/v2\/media\/3399"}],"wp:attachment":[{"href":"https:\/\/profaunasilvestre.com\/en\/wp-json\/wp\/v2\/media?parent=3398"}],"wp:term":[{"taxonomy":"category","embeddable":true,"href":"https:\/\/profaunasilvestre.com\/en\/wp-json\/wp\/v2\/categories?post=3398"},{"taxonomy":"post_tag","embeddable":true,"href":"https:\/\/profaunasilvestre.com\/en\/wp-json\/wp\/v2\/tags?post=3398"}],"curies":[{"name":"wp","href":"https:\/\/api.w.org\/{rel}","templated":true}]}}