{"id":3391,"date":"2026-03-09T21:55:38","date_gmt":"2026-03-10T02:55:38","guid":{"rendered":"https:\/\/profaunasilvestre.com\/?p=3391"},"modified":"2026-03-13T22:04:50","modified_gmt":"2026-03-14T03:04:50","slug":"pro-fauna-silvestre-en-costa-rica-llevando-la-conservacion-andina-al-xiii-congreso-latinoamericano-de-herpetologia","status":"publish","type":"post","link":"https:\/\/profaunasilvestre.com\/en\/pro-fauna-silvestre-en-costa-rica-llevando-la-conservacion-andina-al-xiii-congreso-latinoamericano-de-herpetologia\/","title":{"rendered":"Pro Fauna Silvestre en Costa Rica: Llevando la conservaci\u00f3n andina al XIII Congreso Latinoamericano de Herpetolog\u00eda"},"content":{"rendered":"<div class=\"wp-block-stackable-image stk-block-image stk-block stk-4825d4c\" data-block-id=\"4825d4c\"><style>.stk-4825d4c .stk-img-wrapper{height:400px !important;}<\/style><figure><span class=\"stk-img-wrapper stk-image--shape-stretch\"><img loading=\"lazy\" decoding=\"async\" class=\"stk-img wp-image-3392\" src=\"http:\/\/profaunasilvestre.com\/wp-content\/uploads\/2026\/03\/01.jpeg\" width=\"1600\" height=\"1200\" srcset=\"https:\/\/profaunasilvestre.com\/wp-content\/uploads\/2026\/03\/01.jpeg 1600w, https:\/\/profaunasilvestre.com\/wp-content\/uploads\/2026\/03\/01-300x225.jpeg 300w, https:\/\/profaunasilvestre.com\/wp-content\/uploads\/2026\/03\/01-1024x768.jpeg 1024w, https:\/\/profaunasilvestre.com\/wp-content\/uploads\/2026\/03\/01-768x576.jpeg 768w, https:\/\/profaunasilvestre.com\/wp-content\/uploads\/2026\/03\/01-1536x1152.jpeg 1536w, https:\/\/profaunasilvestre.com\/wp-content\/uploads\/2026\/03\/01-16x12.jpeg 16w, https:\/\/profaunasilvestre.com\/wp-content\/uploads\/2026\/03\/01-600x450.jpeg 600w\" sizes=\"auto, (max-width: 1600px) 100vw, 1600px\" \/><\/span><\/figure><\/div>\n\n\n\n<p data-block-type=\"core\">Nuestra asociaci\u00f3n cruz\u00f3 fronteras para representar a Ayacucho en el evento de herpetolog\u00eda m\u00e1s importante de la regi\u00f3n: el <strong>XIII Congreso Latinoamericano de Herpetolog\u00eda (CLAH 2026)<\/strong>, celebrado en San Jos\u00e9, Costa Rica.<\/p>\n\n\n\n<div class=\"wp-block-stackable-image stk-block-image stk-block stk-03122eb\" data-block-id=\"03122eb\"><style>.stk-03122eb .stk-img-wrapper{height:400px !important;}<\/style><figure><span class=\"stk-img-wrapper stk-image--shape-stretch\"><img loading=\"lazy\" decoding=\"async\" class=\"stk-img wp-image-3393\" src=\"http:\/\/profaunasilvestre.com\/wp-content\/uploads\/2026\/03\/02.jpeg\" width=\"1600\" height=\"714\" srcset=\"https:\/\/profaunasilvestre.com\/wp-content\/uploads\/2026\/03\/02.jpeg 1600w, https:\/\/profaunasilvestre.com\/wp-content\/uploads\/2026\/03\/02-300x134.jpeg 300w, https:\/\/profaunasilvestre.com\/wp-content\/uploads\/2026\/03\/02-1024x457.jpeg 1024w, https:\/\/profaunasilvestre.com\/wp-content\/uploads\/2026\/03\/02-768x343.jpeg 768w, https:\/\/profaunasilvestre.com\/wp-content\/uploads\/2026\/03\/02-1536x685.jpeg 1536w, https:\/\/profaunasilvestre.com\/wp-content\/uploads\/2026\/03\/02-18x8.jpeg 18w, https:\/\/profaunasilvestre.com\/wp-content\/uploads\/2026\/03\/02-600x268.jpeg 600w\" sizes=\"auto, (max-width: 1600px) 100vw, 1600px\" \/><\/span><\/figure><\/div>\n\n\n\n<h3 class=\"wp-block-heading\" data-block-type=\"core\">El Proyecto ULTU: Conservaci\u00f3n con identidad<\/h3>\n\n\n\n<p data-block-type=\"core\">Durante el congreso, presentamos los logros del <strong>Proyecto ULTU<\/strong>, destacando nuestro modelo de conservaci\u00f3n que une la ciencia con el saber comunitario. Expusimos c\u00f3mo la comunidad de <strong>Tircos<\/strong> se ha convertido en un aliado estrat\u00e9gico para la protecci\u00f3n de anfibios amenazados en los Andes.<\/p>\n\n\n\n<h3 class=\"wp-block-heading\" data-block-type=\"core\">Ciencia, Arte y Educaci\u00f3n<\/h3>\n\n\n\n<p data-block-type=\"core\">Uno de los puntos que m\u00e1s inter\u00e9s gener\u00f3 entre los expertos internacionales fue la integraci\u00f3n de la cultura local en la conservaci\u00f3n:<\/p>\n\n\n\n<ul class=\"wp-block-list\" data-block-type=\"core\">\n<li data-block-type=\"core\"><strong>Awaq Warmi:<\/strong> Destacamos el valioso trabajo de las madres tejedoras, quienes a trav\u00e9s de su arte textil ayudan a visibilizar y proteger nuestra fauna.<\/li>\n\n\n\n<li data-block-type=\"core\"><strong>Materiales Educativos:<\/strong> Presentamos nuestras herramientas pedag\u00f3gicas dise\u00f1adas para sensibilizar a ni\u00f1os y comunidades rurales.<\/li>\n<\/ul>\n\n\n\n<h3 class=\"wp-block-heading\" data-block-type=\"core\">Un mensaje de unidad<\/h3>\n\n\n\n<div class=\"wp-block-stackable-image stk-block-image stk-block stk-598da2e\" data-block-id=\"598da2e\"><style>.stk-598da2e .stk-img-wrapper{height:400px !important;}<\/style><figure><span class=\"stk-img-wrapper stk-image--shape-stretch\"><img loading=\"lazy\" decoding=\"async\" class=\"stk-img wp-image-3395\" src=\"http:\/\/profaunasilvestre.com\/wp-content\/uploads\/2026\/03\/08.jpeg\" width=\"1600\" height=\"1200\" srcset=\"https:\/\/profaunasilvestre.com\/wp-content\/uploads\/2026\/03\/08.jpeg 1600w, https:\/\/profaunasilvestre.com\/wp-content\/uploads\/2026\/03\/08-300x225.jpeg 300w, https:\/\/profaunasilvestre.com\/wp-content\/uploads\/2026\/03\/08-1024x768.jpeg 1024w, https:\/\/profaunasilvestre.com\/wp-content\/uploads\/2026\/03\/08-768x576.jpeg 768w, https:\/\/profaunasilvestre.com\/wp-content\/uploads\/2026\/03\/08-1536x1152.jpeg 1536w, https:\/\/profaunasilvestre.com\/wp-content\/uploads\/2026\/03\/08-16x12.jpeg 16w, https:\/\/profaunasilvestre.com\/wp-content\/uploads\/2026\/03\/08-600x450.jpeg 600w\" sizes=\"auto, (max-width: 1600px) 100vw, 1600px\" \/><\/span><\/figure><\/div>\n\n\n\n<p data-block-type=\"core\">Este logro reafirma nuestra convicci\u00f3n: la protecci\u00f3n de nuestra fauna silvestre solo es posible cuando se trabaja de la mano con la comunidad. El reconocimiento recibido en Costa Rica es un impulso para seguir trabajando por la biodiversidad de Ayacucho y el Per\u00fa.<\/p>\n\n\n\n<blockquote class=\"wp-block-quote is-layout-flow wp-block-quote-is-layout-flow\" data-block-type=\"core\">\n<p data-block-type=\"core\"><em>\u00abLlevamos la voz de Tircos y el mensaje de nuestras especies al mundo. \u00a1Seguimos trabajando unidos para proteger nuestro patrimonio natural!\u00bb<\/em><\/p>\n<\/blockquote>\n\n\n\n<div class=\"wp-block-stackable-image stk-block-image stk-block stk-e365697\" data-block-id=\"e365697\"><style>.stk-e365697 .stk-img-wrapper{height:400px !important;}<\/style><figure><span class=\"stk-img-wrapper stk-image--shape-stretch\"><img loading=\"lazy\" decoding=\"async\" class=\"stk-img wp-image-3394\" src=\"http:\/\/profaunasilvestre.com\/wp-content\/uploads\/2026\/03\/07.jpeg\" width=\"1168\" height=\"776\" srcset=\"https:\/\/profaunasilvestre.com\/wp-content\/uploads\/2026\/03\/07.jpeg 1168w, https:\/\/profaunasilvestre.com\/wp-content\/uploads\/2026\/03\/07-300x199.jpeg 300w, https:\/\/profaunasilvestre.com\/wp-content\/uploads\/2026\/03\/07-1024x680.jpeg 1024w, https:\/\/profaunasilvestre.com\/wp-content\/uploads\/2026\/03\/07-768x510.jpeg 768w, https:\/\/profaunasilvestre.com\/wp-content\/uploads\/2026\/03\/07-18x12.jpeg 18w, https:\/\/profaunasilvestre.com\/wp-content\/uploads\/2026\/03\/07-600x399.jpeg 600w\" sizes=\"auto, (max-width: 1168px) 100vw, 1168px\" \/><\/span><\/figure><\/div>","protected":false},"excerpt":{"rendered":"<p>Nuestra asociaci\u00f3n cruz\u00f3 fronteras para representar a Ayacucho en el evento de herpetolog\u00eda m\u00e1s importante de la regi\u00f3n: el XIII Congreso Latinoamericano de Herpetolog\u00eda (CLAH 2026), celebrado en San Jos\u00e9, Costa Rica. El Proyecto ULTU: Conservaci\u00f3n con identidad Durante el congreso, presentamos los logros del Proyecto ULTU, destacando nuestro modelo de conservaci\u00f3n que une la [&hellip;]<\/p>\n","protected":false},"author":1,"featured_media":3393,"comment_status":"open","ping_status":"open","sticky":false,"template":"","format":"standard","meta":{"footnotes":""},"categories":[24],"tags":[],"class_list":["post-3391","post","type-post","status-publish","format-standard","has-post-thumbnail","hentry","category-noticias"],"blocksy_meta":[],"_links":{"self":[{"href":"https:\/\/profaunasilvestre.com\/en\/wp-json\/wp\/v2\/posts\/3391","targetHints":{"allow":["GET"]}}],"collection":[{"href":"https:\/\/profaunasilvestre.com\/en\/wp-json\/wp\/v2\/posts"}],"about":[{"href":"https:\/\/profaunasilvestre.com\/en\/wp-json\/wp\/v2\/types\/post"}],"author":[{"embeddable":true,"href":"https:\/\/profaunasilvestre.com\/en\/wp-json\/wp\/v2\/users\/1"}],"replies":[{"embeddable":true,"href":"https:\/\/profaunasilvestre.com\/en\/wp-json\/wp\/v2\/comments?post=3391"}],"version-history":[{"count":1,"href":"https:\/\/profaunasilvestre.com\/en\/wp-json\/wp\/v2\/posts\/3391\/revisions"}],"predecessor-version":[{"id":3396,"href":"https:\/\/profaunasilvestre.com\/en\/wp-json\/wp\/v2\/posts\/3391\/revisions\/3396"}],"wp:featuredmedia":[{"embeddable":true,"href":"https:\/\/profaunasilvestre.com\/en\/wp-json\/wp\/v2\/media\/3393"}],"wp:attachment":[{"href":"https:\/\/profaunasilvestre.com\/en\/wp-json\/wp\/v2\/media?parent=3391"}],"wp:term":[{"taxonomy":"category","embeddable":true,"href":"https:\/\/profaunasilvestre.com\/en\/wp-json\/wp\/v2\/categories?post=3391"},{"taxonomy":"post_tag","embeddable":true,"href":"https:\/\/profaunasilvestre.com\/en\/wp-json\/wp\/v2\/tags?post=3391"}],"curies":[{"name":"wp","href":"https:\/\/api.w.org\/{rel}","templated":true}]}}