{"id":3373,"date":"2026-03-13T21:09:58","date_gmt":"2026-03-14T02:09:58","guid":{"rendered":"https:\/\/profaunasilvestre.com\/?p=3373"},"modified":"2026-03-13T21:30:30","modified_gmt":"2026-03-14T02:30:30","slug":"monitoreo-herpetologico-en-el-acp-totorabamba-protegiendo-el-primer-bosque-de-tasta-de-ayacucho","status":"publish","type":"post","link":"https:\/\/profaunasilvestre.com\/en\/monitoreo-herpetologico-en-el-acp-totorabamba-protegiendo-el-primer-bosque-de-tasta-de-ayacucho\/","title":{"rendered":"Monitoreo Herpetol\u00f3gico en el ACP Totorabamba: Protegiendo el primer Bosque de Tasta de Ayacucho"},"content":{"rendered":"<p data-block-type=\"core\"><\/p>\n\n\n\n<div class=\"wp-block-stackable-image stk-block-image stk-block stk-1542afb\" data-block-id=\"1542afb\"><style>.stk-1542afb .stk-img-wrapper{height:400px !important;}<\/style><figure><span class=\"stk-img-wrapper stk-image--shape-stretch\"><img loading=\"lazy\" decoding=\"async\" class=\"stk-img wp-image-3370\" src=\"http:\/\/profaunasilvestre.com\/wp-content\/uploads\/2026\/03\/651231746_1348812647277359_1373745303591331172_n.jpg\" width=\"2048\" height=\"1224\" srcset=\"https:\/\/profaunasilvestre.com\/wp-content\/uploads\/2026\/03\/651231746_1348812647277359_1373745303591331172_n.jpg 2048w, https:\/\/profaunasilvestre.com\/wp-content\/uploads\/2026\/03\/651231746_1348812647277359_1373745303591331172_n-300x179.jpg 300w, https:\/\/profaunasilvestre.com\/wp-content\/uploads\/2026\/03\/651231746_1348812647277359_1373745303591331172_n-1024x612.jpg 1024w, https:\/\/profaunasilvestre.com\/wp-content\/uploads\/2026\/03\/651231746_1348812647277359_1373745303591331172_n-768x459.jpg 768w, https:\/\/profaunasilvestre.com\/wp-content\/uploads\/2026\/03\/651231746_1348812647277359_1373745303591331172_n-1536x918.jpg 1536w, https:\/\/profaunasilvestre.com\/wp-content\/uploads\/2026\/03\/651231746_1348812647277359_1373745303591331172_n-18x12.jpg 18w, https:\/\/profaunasilvestre.com\/wp-content\/uploads\/2026\/03\/651231746_1348812647277359_1373745303591331172_n-600x359.jpg 600w\" sizes=\"auto, (max-width: 2048px) 100vw, 2048px\" \/><\/span><\/figure><\/div>\n\n\n\n<p class=\"has-text-align-left\" data-block-type=\"core\">El equipo de <strong>Pro Fauna Silvestre &#8211; Ayacucho<\/strong> realiz\u00f3 con \u00e9xito una jornada de monitoreo de anfibios y reptiles en el <strong>\u00c1rea de Conservaci\u00f3n Privada (ACP) Totorabamba<\/strong>, ubicada en el distrito de Vinchos. Esta actividad es fundamental para la gesti\u00f3n de la primera ACP reconocida oficialmente en nuestra regi\u00f3n, un hito para la conservaci\u00f3n voluntaria en Ayacucho.<\/p>\n\n\n\n<hr class=\"wp-block-separator has-alpha-channel-opacity\">\n\n\n\n<h3 class=\"wp-block-heading\" data-block-type=\"core\">Un ecosistema \u00fanico: El Bosque de Tasta<\/h3>\n\n\n\n<p data-block-type=\"core\">El ACP Totorabamba no es solo un refugio de fauna; alberga los impresionantes <strong>bosques relictos de Tasta<\/strong>, ecosistemas altoandinos que funcionan como reguladores h\u00eddricos esenciales para las comunidades locales. Estos bosques son \u00abislas\u00bb de biodiversidad que han sobrevivido al tiempo y que hoy enfrentan amenazas como el cambio clim\u00e1tico y la p\u00e9rdida de h\u00e1bitat.<\/p>\n\n\n\n<div class=\"wp-block-stackable-image stk-block-image stk-block stk-e3da2dc\" data-block-id=\"e3da2dc\"><style>.stk-e3da2dc .stk-img-wrapper{width:700px !important;height:400px !important;}<\/style><figure><span class=\"stk-img-wrapper stk-image--shape-stretch\"><img loading=\"lazy\" decoding=\"async\" class=\"stk-img wp-image-3375\" src=\"http:\/\/profaunasilvestre.com\/wp-content\/uploads\/2026\/03\/DSC03804-13-03-2026-21-04-08.png\" width=\"512\" height=\"320\" srcset=\"https:\/\/profaunasilvestre.com\/wp-content\/uploads\/2026\/03\/DSC03804-13-03-2026-21-04-08.png 512w, https:\/\/profaunasilvestre.com\/wp-content\/uploads\/2026\/03\/DSC03804-13-03-2026-21-04-08-300x188.png 300w, https:\/\/profaunasilvestre.com\/wp-content\/uploads\/2026\/03\/DSC03804-13-03-2026-21-04-08-18x12.png 18w\" sizes=\"auto, (max-width: 512px) 100vw, 512px\" \/><\/span><\/figure><\/div>\n\n\n\n<p data-block-type=\"core\">Nuestra intervenci\u00f3n t\u00e9cnica se centr\u00f3 en:<\/p>\n\n\n\n<ul class=\"wp-block-list\" data-block-type=\"core\">\n<li data-block-type=\"core\"><strong>Identificaci\u00f3n de especies:<\/strong> Registrar la presencia de anfibios y reptiles altoandinos para actualizar la l\u00ednea base del \u00e1rea.<\/li>\n\n\n\n<li data-block-type=\"core\"><strong>Estado de conservaci\u00f3n:<\/strong> Evaluar las amenazas directas sobre las poblaciones de especies sensibles.<\/li>\n\n\n\n<li data-block-type=\"core\"><strong>Estrategias de protecci\u00f3n:<\/strong> Dise\u00f1ar programas de conservaci\u00f3n junto a la comunidad de Totorabamba que aseguren la supervivencia de estas especies y la salud del bosque.<\/li>\n<\/ul>\n\n\n\n<div class=\"wp-block-stackable-image stk-block-image stk-block stk-b68d891\" data-block-id=\"b68d891\"><style>.stk-b68d891 .stk-img-wrapper{height:400px !important;}<\/style><figure><span class=\"stk-img-wrapper stk-image--shape-stretch\"><img loading=\"lazy\" decoding=\"async\" class=\"stk-img wp-image-3374\" src=\"http:\/\/profaunasilvestre.com\/wp-content\/uploads\/2026\/03\/651049021_1348812510610706_9159408409019565534_n.jpg\" width=\"2048\" height=\"1365\" srcset=\"https:\/\/profaunasilvestre.com\/wp-content\/uploads\/2026\/03\/651049021_1348812510610706_9159408409019565534_n.jpg 2048w, https:\/\/profaunasilvestre.com\/wp-content\/uploads\/2026\/03\/651049021_1348812510610706_9159408409019565534_n-300x200.jpg 300w, https:\/\/profaunasilvestre.com\/wp-content\/uploads\/2026\/03\/651049021_1348812510610706_9159408409019565534_n-1024x683.jpg 1024w, https:\/\/profaunasilvestre.com\/wp-content\/uploads\/2026\/03\/651049021_1348812510610706_9159408409019565534_n-768x512.jpg 768w, https:\/\/profaunasilvestre.com\/wp-content\/uploads\/2026\/03\/651049021_1348812510610706_9159408409019565534_n-1536x1024.jpg 1536w, https:\/\/profaunasilvestre.com\/wp-content\/uploads\/2026\/03\/651049021_1348812510610706_9159408409019565534_n-18x12.jpg 18w, https:\/\/profaunasilvestre.com\/wp-content\/uploads\/2026\/03\/651049021_1348812510610706_9159408409019565534_n-600x400.jpg 600w\" sizes=\"auto, (max-width: 2048px) 100vw, 2048px\" \/><\/span><\/figure><\/div>\n\n\n\n<p data-block-type=\"core\">Reconocemos y celebramos el compromiso de la <strong>Comunidad Campesina de Totorabamba<\/strong>, quienes voluntariamente han decidido proteger m\u00e1s de 1,200 hect\u00e1reas de su territorio. Desde Pro Fauna, seguimos trabajando de la mano con los actores locales para potenciar esta \u00e1rea como un modelo de desarrollo sostenible y educaci\u00f3n ambiental.<\/p>\n\n\n\n<blockquote class=\"wp-block-quote is-layout-flow wp-block-quote-is-layout-flow\" data-block-type=\"core\">\n<p data-block-type=\"core\"><em>\u00abConocer para proteger: nuestro compromiso es con el patrimonio natural de Ayacucho\u00bb.<\/em><\/p>\n<\/blockquote>","protected":false},"excerpt":{"rendered":"<p>El equipo de Pro Fauna Silvestre &#8211; Ayacucho realiz\u00f3 con \u00e9xito una jornada de monitoreo de anfibios y reptiles en el \u00c1rea de Conservaci\u00f3n Privada (ACP) Totorabamba, ubicada en el distrito de Vinchos. Esta actividad es fundamental para la gesti\u00f3n de la primera ACP reconocida oficialmente en nuestra regi\u00f3n, un hito para la conservaci\u00f3n voluntaria [&hellip;]<\/p>\n","protected":false},"author":1,"featured_media":3370,"comment_status":"open","ping_status":"open","sticky":false,"template":"","format":"standard","meta":{"footnotes":""},"categories":[24],"tags":[],"class_list":["post-3373","post","type-post","status-publish","format-standard","has-post-thumbnail","hentry","category-noticias"],"blocksy_meta":[],"_links":{"self":[{"href":"https:\/\/profaunasilvestre.com\/en\/wp-json\/wp\/v2\/posts\/3373","targetHints":{"allow":["GET"]}}],"collection":[{"href":"https:\/\/profaunasilvestre.com\/en\/wp-json\/wp\/v2\/posts"}],"about":[{"href":"https:\/\/profaunasilvestre.com\/en\/wp-json\/wp\/v2\/types\/post"}],"author":[{"embeddable":true,"href":"https:\/\/profaunasilvestre.com\/en\/wp-json\/wp\/v2\/users\/1"}],"replies":[{"embeddable":true,"href":"https:\/\/profaunasilvestre.com\/en\/wp-json\/wp\/v2\/comments?post=3373"}],"version-history":[{"count":1,"href":"https:\/\/profaunasilvestre.com\/en\/wp-json\/wp\/v2\/posts\/3373\/revisions"}],"predecessor-version":[{"id":3376,"href":"https:\/\/profaunasilvestre.com\/en\/wp-json\/wp\/v2\/posts\/3373\/revisions\/3376"}],"wp:featuredmedia":[{"embeddable":true,"href":"https:\/\/profaunasilvestre.com\/en\/wp-json\/wp\/v2\/media\/3370"}],"wp:attachment":[{"href":"https:\/\/profaunasilvestre.com\/en\/wp-json\/wp\/v2\/media?parent=3373"}],"wp:term":[{"taxonomy":"category","embeddable":true,"href":"https:\/\/profaunasilvestre.com\/en\/wp-json\/wp\/v2\/categories?post=3373"},{"taxonomy":"post_tag","embeddable":true,"href":"https:\/\/profaunasilvestre.com\/en\/wp-json\/wp\/v2\/tags?post=3373"}],"curies":[{"name":"wp","href":"https:\/\/api.w.org\/{rel}","templated":true}]}}