{"id":115,"date":"2026-03-16T10:50:39","date_gmt":"2026-03-16T15:50:39","guid":{"rendered":"https:\/\/startersites.io\/blocksy\/travel\/?p=115"},"modified":"2026-03-25T10:50:57","modified_gmt":"2026-03-25T15:50:57","slug":"sitamet-risus-nullam-egetcras-ornare-arcu-dui-vivamus-arcu-felis-bibendum-ut","status":"publish","type":"post","link":"https:\/\/profaunasilvestre.com\/en\/sitamet-risus-nullam-egetcras-ornare-arcu-dui-vivamus-arcu-felis-bibendum-ut\/","title":{"rendered":"Socializaci\u00f3n del Proyecto: Conservaci\u00f3n de la Salamandra del r\u00edo de Santa Rosa"},"content":{"rendered":"<div class=\"wp-block-stackable-text stk-block-text stk-block stk-2acd61e\" data-block-id=\"2acd61e\"><style>.stk-2acd61e .stk-block-text__text{color:var(--theme-palette-color-6, #02121d) !important;}<\/style><p class=\"stk-block-text__text has-text-color has-text-align-left\">Con \u00e9xito se llev\u00f3 a cabo la jornada de socializaci\u00f3n del proyecto dedicado a la protecci\u00f3n de la salamandra <strong><em>Bolitoglossa digitigrada<\/em><\/strong>. Este encuentro marca un paso decisivo en el compromiso por salvaguardar la biodiversidad de nuestra regi\u00f3n.<\/p><\/div>\n\n\n\n<div class=\"wp-block-stackable-image stk-block-image stk-block stk-518739e\" data-block-id=\"518739e\"><style>.stk-518739e .stk-img-wrapper{width:800px !important;height:500px !important;}<\/style><figure><span class=\"stk-img-wrapper stk-image--shape-stretch\"><img loading=\"lazy\" decoding=\"async\" class=\"stk-img wp-image-4010\" src=\"http:\/\/profaunasilvestre.com\/wp-content\/uploads\/2020\/04\/651016718_1516535650478775_790079366583270868_n.jpg\" width=\"2040\" height=\"1148\" srcset=\"https:\/\/profaunasilvestre.com\/wp-content\/uploads\/2020\/04\/651016718_1516535650478775_790079366583270868_n.jpg 2040w, https:\/\/profaunasilvestre.com\/wp-content\/uploads\/2020\/04\/651016718_1516535650478775_790079366583270868_n-300x169.jpg 300w, https:\/\/profaunasilvestre.com\/wp-content\/uploads\/2020\/04\/651016718_1516535650478775_790079366583270868_n-1024x576.jpg 1024w, https:\/\/profaunasilvestre.com\/wp-content\/uploads\/2020\/04\/651016718_1516535650478775_790079366583270868_n-768x432.jpg 768w, https:\/\/profaunasilvestre.com\/wp-content\/uploads\/2020\/04\/651016718_1516535650478775_790079366583270868_n-1536x864.jpg 1536w, https:\/\/profaunasilvestre.com\/wp-content\/uploads\/2020\/04\/651016718_1516535650478775_790079366583270868_n-18x10.jpg 18w, https:\/\/profaunasilvestre.com\/wp-content\/uploads\/2020\/04\/651016718_1516535650478775_790079366583270868_n-600x338.jpg 600w\" sizes=\"auto, (max-width: 2040px) 100vw, 2040px\" \/><\/span><\/figure><\/div>\n\n\n\n<h3 class=\"wp-block-heading has-text-align-left\" data-block-type=\"core\">Colaboraci\u00f3n estrat\u00e9gica para la conservaci\u00f3n<\/h3>\n\n\n\n<div class=\"wp-block-stackable-text stk-block-text stk-block stk-eb03d25\" data-block-id=\"eb03d25\"><style>.stk-eb03d25 .stk-block-text__text{color:var(--theme-palette-color-6, #02121d) !important;}<\/style><p class=\"stk-block-text__text has-text-color\">El evento cont\u00f3 con la participaci\u00f3n del <strong>Alcalde de la comunidad de Patacocha<\/strong>, actor fundamental en el \u00e1mbito de ejecuci\u00f3n de esta iniciativa. Asimismo, el equipo de la <strong>Gerencia de Recursos Naturales y Gesti\u00f3n del Medio Ambiente del GORE Ayacucho<\/strong> brind\u00f3 una charla t\u00e9cnica sobre los efectos cr\u00edticos de la deforestaci\u00f3n en los ecosistemas locales.<\/p><\/div>\n\n\n\n<div class=\"wp-block-stackable-image stk-block-image stk-block stk-a7e5d6c\" data-block-id=\"a7e5d6c\"><style>.stk-a7e5d6c .stk-img-wrapper{width:800px !important;height:400px !important;}<\/style><figure><span class=\"stk-img-wrapper stk-image--shape-stretch\"><img loading=\"lazy\" decoding=\"async\" class=\"stk-img wp-image-4011\" src=\"http:\/\/profaunasilvestre.com\/wp-content\/uploads\/2020\/04\/003.jpg\" width=\"300\" height=\"200\" srcset=\"https:\/\/profaunasilvestre.com\/wp-content\/uploads\/2020\/04\/003.jpg 300w, https:\/\/profaunasilvestre.com\/wp-content\/uploads\/2020\/04\/003-18x12.jpg 18w\" sizes=\"auto, (max-width: 300px) 100vw, 300px\" \/><\/span><\/figure><\/div>\n\n\n\n<h3 class=\"wp-block-heading\" data-block-type=\"core\">Objetivos y acciones urgentes<\/h3>\n\n\n\n<p data-block-type=\"core\">La intervenci\u00f3n tiene metas claras para enfrentar la amenaza de extinci\u00f3n de esta especie:<\/p>\n\n\n\n<ul class=\"wp-block-list\" data-block-type=\"core\">\n<li data-block-type=\"core\"><strong>Investigaci\u00f3n Cient\u00edfica:<\/strong> Generar datos biol\u00f3gicos necesarios para incluir a la <em>Bolitoglossa digitigrada<\/em> en la Lista Roja de la <strong>UICN<\/strong>.<\/li>\n\n\n\n<li data-block-type=\"core\"><strong>Educaci\u00f3n Ambiental:<\/strong> Sensibilizar a la poblaci\u00f3n sobre la importancia de su h\u00e1bitat.<\/li>\n\n\n\n<li data-block-type=\"core\"><strong>Gesti\u00f3n Comunitaria:<\/strong> Implementar un programa de conservaci\u00f3n codirigido por la propia comunidad.<\/li>\n<\/ul>\n\n\n\n<h3 class=\"wp-block-heading\" data-block-type=\"core\">Compromiso a largo plazo<\/h3>\n\n\n\n<p data-block-type=\"core\">A trav\u00e9s de este esfuerzo conjunto entre autoridades, especialistas y ciudadanos, aseguramos la protecci\u00f3n de nuestros bosques y de esta especie \u00fanica. La conservaci\u00f3n de la salamandra del r\u00edo de Santa Rosa es una prioridad para mantener el equilibrio de nuestro patrimonio natural.<\/p>\n\n\n\n<div class=\"wp-block-stackable-image stk-block-image stk-block stk-2684ffb\" data-block-id=\"2684ffb\"><style>.stk-2684ffb .stk-img-wrapper{width:800px !important;height:400px !important;}<\/style><figure><span class=\"stk-img-wrapper stk-image--shape-stretch\"><img loading=\"lazy\" decoding=\"async\" class=\"stk-img wp-image-4012\" src=\"http:\/\/profaunasilvestre.com\/wp-content\/uploads\/2020\/04\/002.jpg\" width=\"300\" height=\"122\" srcset=\"https:\/\/profaunasilvestre.com\/wp-content\/uploads\/2020\/04\/002.jpg 300w, https:\/\/profaunasilvestre.com\/wp-content\/uploads\/2020\/04\/002-18x7.jpg 18w\" sizes=\"auto, (max-width: 300px) 100vw, 300px\" \/><\/span><\/figure><\/div>","protected":false},"excerpt":{"rendered":"<p>Con \u00e9xito se llev\u00f3 a cabo la jornada de socializaci\u00f3n del proyecto dedicado a la protecci\u00f3n de la salamandra Bolitoglossa digitigrada. Este encuentro marca un paso decisivo en el compromiso por salvaguardar la biodiversidad de nuestra regi\u00f3n. Colaboraci\u00f3n estrat\u00e9gica para la conservaci\u00f3n El evento cont\u00f3 con la participaci\u00f3n del Alcalde de la comunidad de Patacocha, [&hellip;]<\/p>\n","protected":false},"author":1,"featured_media":4010,"comment_status":"open","ping_status":"open","sticky":false,"template":"","format":"standard","meta":{"footnotes":""},"categories":[24],"tags":[],"class_list":["post-115","post","type-post","status-publish","format-standard","has-post-thumbnail","hentry","category-noticias"],"blocksy_meta":{"styles_descriptor":{"styles":{"desktop":"","tablet":"","mobile":""},"google_fonts":[],"version":6}},"_links":{"self":[{"href":"https:\/\/profaunasilvestre.com\/en\/wp-json\/wp\/v2\/posts\/115","targetHints":{"allow":["GET"]}}],"collection":[{"href":"https:\/\/profaunasilvestre.com\/en\/wp-json\/wp\/v2\/posts"}],"about":[{"href":"https:\/\/profaunasilvestre.com\/en\/wp-json\/wp\/v2\/types\/post"}],"author":[{"embeddable":true,"href":"https:\/\/profaunasilvestre.com\/en\/wp-json\/wp\/v2\/users\/1"}],"replies":[{"embeddable":true,"href":"https:\/\/profaunasilvestre.com\/en\/wp-json\/wp\/v2\/comments?post=115"}],"version-history":[{"count":3,"href":"https:\/\/profaunasilvestre.com\/en\/wp-json\/wp\/v2\/posts\/115\/revisions"}],"predecessor-version":[{"id":4015,"href":"https:\/\/profaunasilvestre.com\/en\/wp-json\/wp\/v2\/posts\/115\/revisions\/4015"}],"wp:featuredmedia":[{"embeddable":true,"href":"https:\/\/profaunasilvestre.com\/en\/wp-json\/wp\/v2\/media\/4010"}],"wp:attachment":[{"href":"https:\/\/profaunasilvestre.com\/en\/wp-json\/wp\/v2\/media?parent=115"}],"wp:term":[{"taxonomy":"category","embeddable":true,"href":"https:\/\/profaunasilvestre.com\/en\/wp-json\/wp\/v2\/categories?post=115"},{"taxonomy":"post_tag","embeddable":true,"href":"https:\/\/profaunasilvestre.com\/en\/wp-json\/wp\/v2\/tags?post=115"}],"curies":[{"name":"wp","href":"https:\/\/api.w.org\/{rel}","templated":true}]}}